{"id":1401,"date":"2021-05-14T20:32:00","date_gmt":"2021-05-14T18:32:00","guid":{"rendered":"https:\/\/www.kisaki-muenster.de\/?p=1401"},"modified":"2021-05-15T09:28:34","modified_gmt":"2021-05-15T07:28:34","slug":"endlich-wieder-gemeinsam-trainieren","status":"publish","type":"post","link":"https:\/\/www.kisaki-muenster.de\/?p=1401","title":{"rendered":"Endlich wieder gemeinsam trainieren"},"content":{"rendered":"\n<p>F\u00fcr insgesamt 29 Kids begann am 14.05.2021 in zwei Gruppen endlich wieder das pers\u00f6nliche Training.<br \/>So konnten nach \u00fcber sechs Monaten die jungen Karatek\u00e4mpfer\/innen auf dem Basketball-Platz des SC Nienberge (Feldstiege) nun wieder trainierten. Dabei wurden sie von unseren (Nachwuchs-) Trainerinnen in zwei voneinander getrennten Gruppen angeleitet.<br \/>Zuvor waren vier Monate Training im online-Modus voraus gegangen. W\u00e4hrend dieser Zeit hielten sich Kids fit und \u00fcbten zumeist im eigenen Kinderzimmer auf engem Raum einige Techniken.<br \/>Alle freuten sich, nun wieder mit mehr Platz und Abstand gemeinsam Karate trainieren zu k\u00f6nnen.<br \/>Nach 90 Minuten waren sich alle einig:<br \/>Es tat gut, endlich wieder gemeinsam zu trainieren &#8211; und nat\u00fcrlich sich pers\u00f6nlich wieder zu sehen!<\/p>\n\n\n\n<figure class=\"wp-block-image size-large\"><img loading=\"lazy\" decoding=\"async\" width=\"750\" height=\"375\" src=\"https:\/\/www.kisaki-muenster.de\/wp-content\/uploads\/2021\/05\/IMG_9410.jpg\" alt=\"\" class=\"wp-image-1403\" srcset=\"https:\/\/www.kisaki-muenster.de\/wp-content\/uploads\/2021\/05\/IMG_9410.jpg 750w, https:\/\/www.kisaki-muenster.de\/wp-content\/uploads\/2021\/05\/IMG_9410-300x150.jpg 300w\" sizes=\"auto, (max-width: 750px) 100vw, 750px\" \/><\/figure>\n","protected":false},"excerpt":{"rendered":"<p>F\u00fcr insgesamt 29 Kids begann am 14.05.2021 in zwei Gruppen endlich wieder das pers\u00f6nliche Training.So konnten nach \u00fcber sechs Monaten die jungen Karatek\u00e4mpfer\/innen auf dem Basketball-Platz des SC Nienberge (Feldstiege) &#8230; <a title=\"Endlich wieder gemeinsam trainieren\" class=\"read-more\" href=\"https:\/\/www.kisaki-muenster.de\/?p=1401\" aria-label=\"Mehr Informationen \u00fcber Endlich wieder gemeinsam trainieren\">Weiterlesen<\/a><\/p>\n","protected":false},"author":3,"featured_media":1402,"comment_status":"closed","ping_status":"closed","sticky":false,"template":"","format":"standard","meta":{"_themeisle_gutenberg_block_has_review":false,"footnotes":""},"categories":[7],"tags":[],"class_list":["post-1401","post","type-post","status-publish","format-standard","has-post-thumbnail","hentry","category-karate-kinder"],"_links":{"self":[{"href":"https:\/\/www.kisaki-muenster.de\/index.php?rest_route=\/wp\/v2\/posts\/1401","targetHints":{"allow":["GET"]}}],"collection":[{"href":"https:\/\/www.kisaki-muenster.de\/index.php?rest_route=\/wp\/v2\/posts"}],"about":[{"href":"https:\/\/www.kisaki-muenster.de\/index.php?rest_route=\/wp\/v2\/types\/post"}],"author":[{"embeddable":true,"href":"https:\/\/www.kisaki-muenster.de\/index.php?rest_route=\/wp\/v2\/users\/3"}],"replies":[{"embeddable":true,"href":"https:\/\/www.kisaki-muenster.de\/index.php?rest_route=%2Fwp%2Fv2%2Fcomments&post=1401"}],"version-history":[{"count":7,"href":"https:\/\/www.kisaki-muenster.de\/index.php?rest_route=\/wp\/v2\/posts\/1401\/revisions"}],"predecessor-version":[{"id":1412,"href":"https:\/\/www.kisaki-muenster.de\/index.php?rest_route=\/wp\/v2\/posts\/1401\/revisions\/1412"}],"wp:featuredmedia":[{"embeddable":true,"href":"https:\/\/www.kisaki-muenster.de\/index.php?rest_route=\/wp\/v2\/media\/1402"}],"wp:attachment":[{"href":"https:\/\/www.kisaki-muenster.de\/index.php?rest_route=%2Fwp%2Fv2%2Fmedia&parent=1401"}],"wp:term":[{"taxonomy":"category","embeddable":true,"href":"https:\/\/www.kisaki-muenster.de\/index.php?rest_route=%2Fwp%2Fv2%2Fcategories&post=1401"},{"taxonomy":"post_tag","embeddable":true,"href":"https:\/\/www.kisaki-muenster.de\/index.php?rest_route=%2Fwp%2Fv2%2Ftags&post=1401"}],"curies":[{"name":"wp","href":"https:\/\/api.w.org\/{rel}","templated":true}]}}