{"id":145,"date":"2018-10-18T17:00:36","date_gmt":"2018-10-18T17:00:36","guid":{"rendered":"https:\/\/wordpress.kisaki-muenster.de\/?p=145"},"modified":"2019-09-28T13:51:07","modified_gmt":"2019-09-28T13:51:07","slug":"voller-elan-zum-ersten-karate-guertel","status":"publish","type":"post","link":"https:\/\/www.kisaki-muenster.de\/?p=145","title":{"rendered":"Voller Elan zum ersten Karate-G\u00fcrtel"},"content":{"rendered":"\n<p><strong><em>Kooperation zwischen SC Nienberge und Kisaki Karate-Do M\u00fcnster tr\u00e4gt erste Fr\u00fcchte&nbsp;<\/em><\/strong><\/p>\n\n\n\n<figure class=\"wp-block-image is-resized\"><img loading=\"lazy\" decoding=\"async\" src=\"https:\/\/www.kisaki-muenster.de\/wp-content\/uploads\/2019\/09\/IMG_3825.JPG_web-1024x805.jpg\" alt=\"\" class=\"wp-image-146\" width=\"650\" height=\"510\" srcset=\"https:\/\/www.kisaki-muenster.de\/wp-content\/uploads\/2019\/09\/IMG_3825.JPG_web-1024x805.jpg 1024w, https:\/\/www.kisaki-muenster.de\/wp-content\/uploads\/2019\/09\/IMG_3825.JPG_web-300x236.jpg 300w, https:\/\/www.kisaki-muenster.de\/wp-content\/uploads\/2019\/09\/IMG_3825.JPG_web-768x604.jpg 768w, https:\/\/www.kisaki-muenster.de\/wp-content\/uploads\/2019\/09\/IMG_3825.JPG_web.jpg 1149w\" sizes=\"auto, (max-width: 650px) 100vw, 650px\" \/><\/figure>\n\n\n\n<p>Am Dienstag vor den Sommerferien war es soweit: 13 Nachwuchs-Karateka im Alter zwischen sechs und dreizehn Jahren stellten bei ihrer ersten Karate-Pr\u00fcfung (9. Kyu) hochkonzentriert ihr K\u00f6nnen unter Beweis.<br>Seit Mitte April hatten die jungen K\u00e4mpferinnen und K\u00e4mpfer hierf\u00fcr beim Kinder-Karate des djk SC Nienberge trainiert und so ihre Fertigkeiten erworben. Erste Verteidigungs- und Angriffsformen sind somit kein Problem mehr f\u00fcr die Karate-Kids.<\/p>\n","protected":false},"excerpt":{"rendered":"<p>Kooperation zwischen SC Nienberge und Kisaki Karate-Do M\u00fcnster tr\u00e4gt erste Fr\u00fcchte&nbsp; Am Dienstag vor den Sommerferien war es soweit: 13 Nachwuchs-Karateka im Alter zwischen sechs und dreizehn Jahren stellten bei &#8230; <a title=\"Voller Elan zum ersten Karate-G\u00fcrtel\" class=\"read-more\" href=\"https:\/\/www.kisaki-muenster.de\/?p=145\" aria-label=\"Mehr Informationen \u00fcber Voller Elan zum ersten Karate-G\u00fcrtel\">Weiterlesen<\/a><\/p>\n","protected":false},"author":3,"featured_media":0,"comment_status":"closed","ping_status":"closed","sticky":false,"template":"","format":"standard","meta":{"_themeisle_gutenberg_block_has_review":false,"footnotes":""},"categories":[7],"tags":[],"class_list":["post-145","post","type-post","status-publish","format-standard","hentry","category-karate-kinder"],"_links":{"self":[{"href":"https:\/\/www.kisaki-muenster.de\/index.php?rest_route=\/wp\/v2\/posts\/145","targetHints":{"allow":["GET"]}}],"collection":[{"href":"https:\/\/www.kisaki-muenster.de\/index.php?rest_route=\/wp\/v2\/posts"}],"about":[{"href":"https:\/\/www.kisaki-muenster.de\/index.php?rest_route=\/wp\/v2\/types\/post"}],"author":[{"embeddable":true,"href":"https:\/\/www.kisaki-muenster.de\/index.php?rest_route=\/wp\/v2\/users\/3"}],"replies":[{"embeddable":true,"href":"https:\/\/www.kisaki-muenster.de\/index.php?rest_route=%2Fwp%2Fv2%2Fcomments&post=145"}],"version-history":[{"count":4,"href":"https:\/\/www.kisaki-muenster.de\/index.php?rest_route=\/wp\/v2\/posts\/145\/revisions"}],"predecessor-version":[{"id":195,"href":"https:\/\/www.kisaki-muenster.de\/index.php?rest_route=\/wp\/v2\/posts\/145\/revisions\/195"}],"wp:attachment":[{"href":"https:\/\/www.kisaki-muenster.de\/index.php?rest_route=%2Fwp%2Fv2%2Fmedia&parent=145"}],"wp:term":[{"taxonomy":"category","embeddable":true,"href":"https:\/\/www.kisaki-muenster.de\/index.php?rest_route=%2Fwp%2Fv2%2Fcategories&post=145"},{"taxonomy":"post_tag","embeddable":true,"href":"https:\/\/www.kisaki-muenster.de\/index.php?rest_route=%2Fwp%2Fv2%2Ftags&post=145"}],"curies":[{"name":"wp","href":"https:\/\/api.w.org\/{rel}","templated":true}]}}