{"id":3544,"date":"2024-12-16T22:44:00","date_gmt":"2024-12-16T21:44:00","guid":{"rendered":"https:\/\/www.kisaki-muenster.de\/?p=3544"},"modified":"2024-12-23T09:34:07","modified_gmt":"2024-12-23T08:34:07","slug":"halbfinale-des-jahres-die-kyu-pruefung-am-19-12-2024","status":"publish","type":"post","link":"https:\/\/www.kisaki-muenster.de\/?p=3544","title":{"rendered":"Die Kyu-Pr\u00fcfung als Halbfinale"},"content":{"rendered":"\n<p>Zum Jahresende bot die Kyu-Pr\u00fcfung am 16. Dezember 2024 unseren Karatekas die M\u00f6glichkeit, ihr K\u00f6nnen unter Beweis zu stellen \u2013 und f\u00fcr viele war es so etwas wie ein &#8222;Halbfinale&#8220; auf ihrem Weg zum n\u00e4chsten gro\u00dfen Ziel.<\/p>\n<p>Wir hatten die Ehre, G\u00fcnter Woltering (Kiyoshi, 8. Dan) als Pr\u00fcfer begr\u00fc\u00dfen zu d\u00fcrfen. Der fr\u00fchere Trainer unseres Dojo-Leiters Ludger zeigte sich sehr zufrieden mit den Leistungen der Pr\u00fcflinge und der durchweg positiven Atmosph\u00e4re.<\/p>\n<p>F\u00fcr einige war diese Pr\u00fcfung der letzte Schritt vor der (Junior-) Dan-Pr\u00fcfung, ein Meilenstein in der Karate-Laufbahn:<\/p>\n<ul>\n<li><strong>1. Kyu:<\/strong> Jakob, Oskar, Hannah, Paul, David J. Ida<\/li>\n<li><strong>2. Kyu:<\/strong> Leo und Marlene<\/li>\n<li><strong>3. Kyu:<\/strong> Max<\/li>\n<li><strong>4. Kyu:<\/strong> David Z. und Ciwan<\/li>\n<li><strong>6. Kyu:<\/strong> Susanne<\/li>\n<li><strong>8. Kyu:<\/strong> Alexander<\/li>\n<\/ul>\n<p>Es war f\u00fcr den Verein ein &#8222;Halbfinale&#8220; weil das &#8222;Finale&#8220; mit der Dan-Pr\u00fcfung f\u00fcr Merrit in diesem Jahr noch auf dem Programm steht.<\/p>\n<p>Wir sind stolz auf die Leistungen aller Pr\u00fcflinge gratulieren herzlich.<\/p>\n","protected":false},"excerpt":{"rendered":"<p>Zum Jahresende bot die Kyu-Pr\u00fcfung am 16. Dezember 2024 unseren Karatekas die M\u00f6glichkeit, ihr K\u00f6nnen unter Beweis zu stellen \u2013 und f\u00fcr viele war es so etwas wie ein &#8222;Halbfinale&#8220; &#8230; <a title=\"Die Kyu-Pr\u00fcfung als Halbfinale\" class=\"read-more\" href=\"https:\/\/www.kisaki-muenster.de\/?p=3544\" aria-label=\"Mehr Informationen \u00fcber Die Kyu-Pr\u00fcfung als Halbfinale\">Weiterlesen<\/a><\/p>\n","protected":false},"author":3,"featured_media":3545,"comment_status":"closed","ping_status":"closed","sticky":false,"template":"","format":"standard","meta":{"_themeisle_gutenberg_block_has_review":false,"footnotes":""},"categories":[6,9],"tags":[],"class_list":["post-3544","post","type-post","status-publish","format-standard","has-post-thumbnail","hentry","category-karate-erwachsene","category-verein"],"_links":{"self":[{"href":"https:\/\/www.kisaki-muenster.de\/index.php?rest_route=\/wp\/v2\/posts\/3544","targetHints":{"allow":["GET"]}}],"collection":[{"href":"https:\/\/www.kisaki-muenster.de\/index.php?rest_route=\/wp\/v2\/posts"}],"about":[{"href":"https:\/\/www.kisaki-muenster.de\/index.php?rest_route=\/wp\/v2\/types\/post"}],"author":[{"embeddable":true,"href":"https:\/\/www.kisaki-muenster.de\/index.php?rest_route=\/wp\/v2\/users\/3"}],"replies":[{"embeddable":true,"href":"https:\/\/www.kisaki-muenster.de\/index.php?rest_route=%2Fwp%2Fv2%2Fcomments&post=3544"}],"version-history":[{"count":8,"href":"https:\/\/www.kisaki-muenster.de\/index.php?rest_route=\/wp\/v2\/posts\/3544\/revisions"}],"predecessor-version":[{"id":3564,"href":"https:\/\/www.kisaki-muenster.de\/index.php?rest_route=\/wp\/v2\/posts\/3544\/revisions\/3564"}],"wp:featuredmedia":[{"embeddable":true,"href":"https:\/\/www.kisaki-muenster.de\/index.php?rest_route=\/wp\/v2\/media\/3545"}],"wp:attachment":[{"href":"https:\/\/www.kisaki-muenster.de\/index.php?rest_route=%2Fwp%2Fv2%2Fmedia&parent=3544"}],"wp:term":[{"taxonomy":"category","embeddable":true,"href":"https:\/\/www.kisaki-muenster.de\/index.php?rest_route=%2Fwp%2Fv2%2Fcategories&post=3544"},{"taxonomy":"post_tag","embeddable":true,"href":"https:\/\/www.kisaki-muenster.de\/index.php?rest_route=%2Fwp%2Fv2%2Ftags&post=3544"}],"curies":[{"name":"wp","href":"https:\/\/api.w.org\/{rel}","templated":true}]}}